{"id":1303,"date":"2026-03-11T07:03:00","date_gmt":"2026-03-11T07:03:00","guid":{"rendered":"https:\/\/thedecolife.com\/?p=1303"},"modified":"2026-03-11T13:07:20","modified_gmt":"2026-03-11T13:07:20","slug":"la-barba-hoy","status":"publish","type":"post","link":"https:\/\/thedecolife.com\/en\/la-barba-hoy\/","title":{"rendered":"LA BARBA, HOY"},"content":{"rendered":"<figure class=\"wp-block-image size-large\"><img fetchpriority=\"high\" decoding=\"async\" width=\"1024\" height=\"678\" src=\"https:\/\/thedecolife.com\/wp-content\/uploads\/2026\/03\/midsection-man-beard-1024x678.jpg\" alt=\"\" class=\"wp-image-1304\" srcset=\"https:\/\/thedecolife.com\/wp-content\/uploads\/2026\/03\/midsection-man-beard-1024x678.jpg 1024w, https:\/\/thedecolife.com\/wp-content\/uploads\/2026\/03\/midsection-man-beard-300x199.jpg 300w, https:\/\/thedecolife.com\/wp-content\/uploads\/2026\/03\/midsection-man-beard-768x509.jpg 768w, https:\/\/thedecolife.com\/wp-content\/uploads\/2026\/03\/midsection-man-beard-1536x1017.jpg 1536w, https:\/\/thedecolife.com\/wp-content\/uploads\/2026\/03\/midsection-man-beard-2048x1356.jpg 2048w, https:\/\/thedecolife.com\/wp-content\/uploads\/2026\/03\/midsection-man-beard-18x12.jpg 18w\" sizes=\"(max-width: 1024px) 100vw, 1024px\" \/><\/figure>\n\n\n\n<p>En los veinte a\u00f1os \u00faltimos, sin embargo, el paisaje ha cambiado. A proyecto de reforestaci\u00f3n. Han surgido nuevos tipos de barbas y bigotes con nuevos significados, y se han recuperado algunos de los viejos estilos. Hoy raramente se ven las barbas largas corridas excepto en im\u00e1genes de Santa Claus, de Dios y de los patriarcas y profetas b\u00edblicos. A los hombres que las llevan, sean cuales fueren sus motivos originales, se los puede llegar a considerar figuras paternas exc\u00e9ntricas. Por otra parte, la barba afilada Vandyke se asocia ahora con una autoridad menos ben\u00e9vola. Al diablo se lo representa popularmente con ese tipo de barba, y hoy en d\u00eda \u00e9sta ya no designa al artista; sugiere por contra alguien que quiere o tiene que aparentar que posee las caracter\u00edsticas que en la mente popular se asocian con Satan\u00e1s: es orgulloso, elegante, cort\u00e9s, aparentemente encantador, rico, meticuloso, siniestro y de gustos y h\u00e1bitos extranjeros.<\/p>\n\n\n\n<p>La sotabarba corta, que en el siglo XIX era t\u00edpica de los marinos, hoy se ve m\u00e1s a menudo en artistas comerciales y en decoradores, que gustan del aspecto arcaico de este tipo de barba; en una versi\u00f3n modificada, en la que se dejan crecer las patillas hasta por encima de la l\u00ednea de la barbilla, est\u00e1 relacionada con Abraham Lincoln y por tanto, al menos en los Estados Unidos, con la sabidur\u00eda y la integridad de los pioneros; a\u00fan se puede ver en ocasiones en hombres que tienen una imagen de s\u00ed mismos con la cual encaja este tipo de barba o se puede ver favorecida por ella. Sin embargo, en la actualidad estos estilos idiosincr\u00e1sicos de barba son relativamente infrecuentes. Hoy en d\u00eda las barbas bien arregladas de mediana longitud y sin una forma particular son bastante frecuentes, aunque no tanto como hace diez a\u00f1os. Se asociaban entonces, como ha ocurrido durante m\u00e1s de un siglo, con la actividad creativa, y las llevaban por tanto algunos pintores, escritores, m\u00fasicos e inventores; ahora tambi\u00e9n se ven, aunque con menor frecuencia, en editores, cr\u00edticos, arquitectos y gente del teatro. El mensaje de la barba moderna est\u00e1ndar depende en gran medida de la longitud del cabello de que se acompa\u00f1a. Con el cabello largo, implica gustos e intereses bohemios y\/o una profesi\u00f3n relacionada con las artes. Con el pelo de mediana longitud la barba se hace m\u00e1s respetable y sugiere madurez y una originalidad interesante, pero ni antisocial ni agitadora. Muchos profesores universitarios llevan la barba y el cabello de esta manera. Es imposible parecer infantil o completamente tonto llevando barba, y de ah\u00ed posiblemente su popularidad en el mundo acad\u00e9mico, especialmente entre los miembros m\u00e1s j\u00f3venes del claustro, preocupados de que no se los confunda con sus alumnos.<\/p>\n\n\n\n<p>Cuando la barba est\u00e1ndar se combina con un cabello m\u00e1s corto de lo normal sugiere seriedad, un saber especializado y a menudo una ligera inflexibilidad de ideas. Esta combinaci\u00f3n se suele apreciar en cient\u00edficos investigadores, m\u00e9dicos e ingenieros, y es casi est\u00e1ndar en los expertos\u00bb cuando presentan sus descubrimientos en p\u00fablico, ya sean cient\u00edficos aut\u00e9nticos, ya actores que aparecen en la televisi\u00f3n disfrazados de cient\u00edficos. Por alguna raz\u00f3n, cuanto menos familiar y tranquilizadores son estos descubrimientos, m\u00e1s probable es que procedan de detr\u00e1s de una emboscadura facial. De lo que estamos hablando aqu\u00ed, sin lugar a dudas, es del viejo estereotipo del alquimista o del mago barbado, sabio pero muy posiblemente peligroso. En ciertos c\u00edrculos, incluso hoy, cualquier tipo de barba es sospechoso. Empresarios, pol\u00edticos y miembros de las profesiones m\u00e1s convencionales suelen estar en contra de ellas, quiz\u00e1 en parte por su asociaci\u00f3n con los movimientos radicales de los sesenta. Como se\u00f1ala Wiliam Thourlby:<\/p>\n\n\n\n<p>Las barbas son como las gafas de sol. Mientras las lleves sobre la cara nadie conseguir\u00e1 conocerte de verdad ni llegar\u00e1 a fiarse de ti. Las personas creativas, los artistas, los directores art\u00edsticos y los escritores son las exhonradez y su futuro no tienen importancia cuando eval\u00faas sus hombres Ir\u00e1n a escuelas inadecuadas, no se puede confiar en ellas y por lo general acabar\u00e1n mal. te de declive. Hace unos a\u00f1os fue muy popular El estilo preferido era la que implicaba energ\u00eda, dominio y poder masculino. Cuanto m\u00e1s largo las proporciones del bandido mexicano tipo Pancho Villa. Este bigote de <em>macho<\/em> se hizo popular entre los<em> desperadoes<\/em> de Madison Avenue y Mayfair; tambi\u00e9n lo llevaban muchos hombres de clase obrera, especialmente los de origen no anglosaj\u00f3n. Pero el propio \u00e9xito del bigote de <em>macho<\/em> como signo puede que fuera su perdici\u00f3n. A finales de los a\u00f1os setenta se empez\u00f3 a poner de moda entre los homosexuales, y al terminar la d\u00e9cada se hab\u00eda convertido en un indicador gay en lugares como Nueva York y San Francisco. Los hombres de estas ciudades a los que no les gustaba que personas de su mismo sexo fuesen tras ellos y les hiciesen proposiciones deshonestas comenzaron entonces a afeitarse el bigote. El hecho de que esta tendencia se extienda a sectores sin una cultura gay significativa, o el que una moda homosexual, siempre inconstante, vuelva a cambiar, permitiendo que el bigote de <em>macho<\/em> sobreviva, a\u00fan est\u00e1 por ver.<\/p>","protected":false},"excerpt":{"rendered":"<p>En los veinte a\u00f1os \u00faltimos, sin embargo, el paisaje ha cambiado. A proyecto de reforestaci\u00f3n. Han surgido nuevos tipos de barbas y bigotes con nuevos significados, y se han recuperado algunos de los viejos estilos. Hoy raramente se ven las barbas largas corridas excepto en im\u00e1genes de Santa Claus, de Dios y de los patriarcas [&hellip;]<\/p>","protected":false},"author":4,"featured_media":1304,"comment_status":"closed","ping_status":"closed","sticky":false,"template":"","format":"standard","meta":{"footnotes":""},"categories":[327],"tags":[369],"class_list":["post-1303","post","type-post","status-publish","format-standard","has-post-thumbnail","hentry","category-moda","tag-barba"],"_links":{"self":[{"href":"https:\/\/thedecolife.com\/en\/wp-json\/wp\/v2\/posts\/1303","targetHints":{"allow":["GET"]}}],"collection":[{"href":"https:\/\/thedecolife.com\/en\/wp-json\/wp\/v2\/posts"}],"about":[{"href":"https:\/\/thedecolife.com\/en\/wp-json\/wp\/v2\/types\/post"}],"author":[{"embeddable":true,"href":"https:\/\/thedecolife.com\/en\/wp-json\/wp\/v2\/users\/4"}],"replies":[{"embeddable":true,"href":"https:\/\/thedecolife.com\/en\/wp-json\/wp\/v2\/comments?post=1303"}],"version-history":[{"count":1,"href":"https:\/\/thedecolife.com\/en\/wp-json\/wp\/v2\/posts\/1303\/revisions"}],"predecessor-version":[{"id":1305,"href":"https:\/\/thedecolife.com\/en\/wp-json\/wp\/v2\/posts\/1303\/revisions\/1305"}],"wp:featuredmedia":[{"embeddable":true,"href":"https:\/\/thedecolife.com\/en\/wp-json\/wp\/v2\/media\/1304"}],"wp:attachment":[{"href":"https:\/\/thedecolife.com\/en\/wp-json\/wp\/v2\/media?parent=1303"}],"wp:term":[{"taxonomy":"category","embeddable":true,"href":"https:\/\/thedecolife.com\/en\/wp-json\/wp\/v2\/categories?post=1303"},{"taxonomy":"post_tag","embeddable":true,"href":"https:\/\/thedecolife.com\/en\/wp-json\/wp\/v2\/tags?post=1303"}],"curies":[{"name":"wp","href":"https:\/\/api.w.org\/{rel}","templated":true}]}}