{"id":1890,"date":"2026-08-26T07:06:00","date_gmt":"2026-08-26T07:06:00","guid":{"rendered":"https:\/\/thedecolife.com\/?p=1890"},"modified":"2026-09-01T17:08:17","modified_gmt":"2026-09-01T17:08:17","slug":"la-evolucion-de-la-moda-en-la-argentina","status":"publish","type":"post","link":"https:\/\/thedecolife.com\/en\/la-evolucion-de-la-moda-en-la-argentina\/","title":{"rendered":"La evoluci\u00f3n de la moda en la Argentina\u00a0"},"content":{"rendered":"<figure class=\"wp-block-image size-large\"><img fetchpriority=\"high\" decoding=\"async\" width=\"1024\" height=\"683\" src=\"https:\/\/thedecolife.com\/wp-content\/uploads\/2026\/09\/hand-holding-shopping-bags-outdoors-1024x683.jpg\" alt=\"\" class=\"wp-image-1891\" srcset=\"https:\/\/thedecolife.com\/wp-content\/uploads\/2026\/09\/hand-holding-shopping-bags-outdoors-1024x683.jpg 1024w, https:\/\/thedecolife.com\/wp-content\/uploads\/2026\/09\/hand-holding-shopping-bags-outdoors-300x200.jpg 300w, https:\/\/thedecolife.com\/wp-content\/uploads\/2026\/09\/hand-holding-shopping-bags-outdoors-768x512.jpg 768w, https:\/\/thedecolife.com\/wp-content\/uploads\/2026\/09\/hand-holding-shopping-bags-outdoors-1536x1024.jpg 1536w, https:\/\/thedecolife.com\/wp-content\/uploads\/2026\/09\/hand-holding-shopping-bags-outdoors-2048x1365.jpg 2048w, https:\/\/thedecolife.com\/wp-content\/uploads\/2026\/09\/hand-holding-shopping-bags-outdoors-18x12.jpg 18w\" sizes=\"(max-width: 1024px) 100vw, 1024px\" \/><\/figure>\n\n\n\n<p>La evoluci\u00f3n de la moda en la Argentina muestra en sus distintas etapas, desde 1776 a 1976, la configuraci\u00f3n de un ideal social que apunta m\u00e1s hacia las formas y modales, desde\u00f1ando por movilizadores los sentimientos profundos. El ideal social subraya la cualidad de afirmar la condici\u00f3n masculina y femenina a trav\u00e9s de la seducci\u00f3n, que se ejerce al elegir la ropa con armon\u00eda de l\u00edneas y colores para lograr equilibrio. Saber elegir la ropa con coherencia y armon\u00eda se transform\u00f3 entonces en la cualidad m\u00e1s importante a trav\u00e9s de los a\u00f1os, determinando el mito de la elegancia argentina.<\/p>\n\n\n\n<p>Existen dos grandes grupos de consumidores de moda: los conservadores, que tratan de mantener las cosas como est\u00e1n, rechazando en general los cambios, y el numeroso grupo de los demasiado atentos y d\u00f3ciles a las propuestas nuevas que se van sucediendo sin pausa. Ambos grupos, pese a parecer en un primer momento completamente diferentes, muestran como similitud el mismo ideal social y &#8216;su falta de estilo, ya que carecen de la flexibilidad necesaria que permite combinar parte de los conjuntos con sentido creador.<\/p>\n\n\n\n<p>Cada persona es un ser \u00fanico y especial. Su rasgo m\u00e1s importante y el que mejor delinea su personalidad consiste en la manera singular en que organiza todo lo que la rodea. El grado de libertad y originalidad que utiliza para esa organizaci\u00f3n depende muy estrechamente del conocimiento m\u00e1s superficial o m\u00e1s profundo que tenga de s\u00ed misma. La singular organizaci\u00f3n puede evidenciarse tanto en la manera de mezclar los ingredientes de una comida, los muebles de su propia casa, la elecci\u00f3n de sus amistades y su arreglo personal. Tambi\u00e9n se pone en primer plano de manera especial a trav\u00e9s de cualquiera de las formas de expresi\u00f3n art\u00edstica, cuando organiza ciertos datos de la realidad formando determinadas hip\u00f3tesis cient\u00edficas y en el trabajo intelectual. La forma singular como cada personalidad, a pesar de ser fluyente y estar expuesta al continuo cambio, organiza todos los datos que recibe determina su unidad interna. Esta permanencia en el cambio es lo que permite la formaci\u00f3n de un estilo que resulta de sacar lo \u201cpropio\u201d hacia afuera, manifestando de esa manera los esquemas de valores de cada uno.<\/p>\n\n\n\n<p>Lo que verdaderamente le da al estilo su peso e importancia y hace que sea un imperativo tratar de elaborarlo es la presencia de la seguridad como compa\u00f1era inseparable. El estilo es el n\u00facleo que permanece s\u00f3lido y firme en una personalidad que, al fluir, puede ir cambiando. Al mismo tiempo, ese n\u00facleo que da estabilidad, es una defensa que protege a cada persona de los embates de una sociedad en permanente cambio. Podemos decir entonces que el estilo se convierte en uno de los pocos elementos con que se puede contar para defenderse del tembladeral que provocan los cambios, tanto internos como externos, cada vez m\u00e1s acelerados de la sociedad actual.<\/p>\n\n\n\n<p>Tambi\u00e9n el estilo personal es un modo de hacer efectiva la propia imagen y las relaciones con los dem\u00e1s: es como una etiqueta de identificaci\u00f3n, por eso surge muy n\u00edtido despu\u00e9s de conocerse y de conseguir una identidad personal. Desde el punto de vista de la moda, el estilo no tiene tanto que ver con las virtudes esenciales y permanentes de cada persona como inteligencia, atractivo y naturalidad sino con lo accidental y caracter\u00edstico, o sea el modo de combinar los objetos, la ropa y los accesorios de una manera particular. Se vincula m\u00e1s con la forma que con el fondo, surgiendo por lo tanto de un acto de selecci\u00f3n de todos los recursos que se tienen para obtener determinados efectos y resultados.<\/p>\n\n\n\n<p>En casi todos los casos el estilo se va conformando con los a\u00f1os, paralelamente al enriquecimiento de cada personalidad, y puede estar acompa\u00f1ado o no por la elegancia, si entendemos por elegancia el estar sujeto a los dictados de la moda con una total armon\u00eda entre l\u00edneas y colores. Ser elegante implica que las partes de la vestimenta, l\u00edneas y colores, posean una total armon\u00eda entre s\u00ed, aunque esa armon\u00eda sea \u00fanicamente exterior, present\u00e1ndose como una combinaci\u00f3n coordinada de todo el equipo. En una persona con estilo, en cambio, la armon\u00eda se da entre el exterior interior, es decir la ropa concuerda con su personalidad total. Siguiendo estos lineamientos podemos definir a los argentinos como muy elegantes, pero carentes de estilo. Nada impide en este sentido que una persona con estilo pueda ser elegante, es decir, unir a su armon\u00eda exterior interior la armon\u00eda exterior. Al mismo tiempo, y siempre desde esta \u00f3ptica, alguien con estilo muy definido puede no resultar elegante.<\/p>","protected":false},"excerpt":{"rendered":"<p>La evoluci\u00f3n de la moda en la Argentina muestra en sus distintas etapas, desde 1776 a 1976, la configuraci\u00f3n de un ideal social que apunta m\u00e1s hacia las formas y modales, desde\u00f1ando por movilizadores los sentimientos profundos. El ideal social subraya la cualidad de afirmar la condici\u00f3n masculina y femenina a trav\u00e9s de la seducci\u00f3n, [&hellip;]<\/p>","protected":false},"author":4,"featured_media":1891,"comment_status":"closed","ping_status":"closed","sticky":false,"template":"","format":"standard","meta":{"footnotes":""},"categories":[327],"tags":[311,653,232],"class_list":["post-1890","post","type-post","status-publish","format-standard","has-post-thumbnail","hentry","category-moda","tag-argentina","tag-evolucion","tag-moda"],"_links":{"self":[{"href":"https:\/\/thedecolife.com\/en\/wp-json\/wp\/v2\/posts\/1890","targetHints":{"allow":["GET"]}}],"collection":[{"href":"https:\/\/thedecolife.com\/en\/wp-json\/wp\/v2\/posts"}],"about":[{"href":"https:\/\/thedecolife.com\/en\/wp-json\/wp\/v2\/types\/post"}],"author":[{"embeddable":true,"href":"https:\/\/thedecolife.com\/en\/wp-json\/wp\/v2\/users\/4"}],"replies":[{"embeddable":true,"href":"https:\/\/thedecolife.com\/en\/wp-json\/wp\/v2\/comments?post=1890"}],"version-history":[{"count":1,"href":"https:\/\/thedecolife.com\/en\/wp-json\/wp\/v2\/posts\/1890\/revisions"}],"predecessor-version":[{"id":1892,"href":"https:\/\/thedecolife.com\/en\/wp-json\/wp\/v2\/posts\/1890\/revisions\/1892"}],"wp:featuredmedia":[{"embeddable":true,"href":"https:\/\/thedecolife.com\/en\/wp-json\/wp\/v2\/media\/1891"}],"wp:attachment":[{"href":"https:\/\/thedecolife.com\/en\/wp-json\/wp\/v2\/media?parent=1890"}],"wp:term":[{"taxonomy":"category","embeddable":true,"href":"https:\/\/thedecolife.com\/en\/wp-json\/wp\/v2\/categories?post=1890"},{"taxonomy":"post_tag","embeddable":true,"href":"https:\/\/thedecolife.com\/en\/wp-json\/wp\/v2\/tags?post=1890"}],"curies":[{"name":"wp","href":"https:\/\/api.w.org\/{rel}","templated":true}]}}