{"id":1908,"date":"2026-09-01T13:44:29","date_gmt":"2026-09-01T13:44:29","guid":{"rendered":"https:\/\/thedecolife.com\/?p=1908"},"modified":"2026-09-02T13:49:39","modified_gmt":"2026-09-02T13:49:39","slug":"estilos-caracteristicos-de-1830-a-1870","status":"publish","type":"post","link":"https:\/\/thedecolife.com\/en\/estilos-caracteristicos-de-1830-a-1870\/","title":{"rendered":"Estilos caracter\u00edsticos de 1830 a 1870"},"content":{"rendered":"<figure class=\"wp-block-image size-large\"><img fetchpriority=\"high\" decoding=\"async\" width=\"1024\" height=\"683\" src=\"https:\/\/thedecolife.com\/wp-content\/uploads\/2026\/09\/old-city-view-1024x683.jpg\" alt=\"\" class=\"wp-image-1909\" srcset=\"https:\/\/thedecolife.com\/wp-content\/uploads\/2026\/09\/old-city-view-1024x683.jpg 1024w, https:\/\/thedecolife.com\/wp-content\/uploads\/2026\/09\/old-city-view-300x200.jpg 300w, https:\/\/thedecolife.com\/wp-content\/uploads\/2026\/09\/old-city-view-768x512.jpg 768w, https:\/\/thedecolife.com\/wp-content\/uploads\/2026\/09\/old-city-view-1536x1024.jpg 1536w, https:\/\/thedecolife.com\/wp-content\/uploads\/2026\/09\/old-city-view-2048x1365.jpg 2048w, https:\/\/thedecolife.com\/wp-content\/uploads\/2026\/09\/old-city-view-18x12.jpg 18w\" sizes=\"(max-width: 1024px) 100vw, 1024px\" \/><\/figure>\n\n\n\n<p>&#8220;Los m\u00e1s conspicuos y elegantes parroquianos de estos caf\u00e9s chic se llamaban Manuel Mateo Masculino; Nicanor Albarellos y Eduardo Ibarvals, dos salte\u00f1os a quienes jam\u00e1s se los ve\u00eda con el mismo traje; Cayetano Caz\u00f3n y Manuel P\u00e9rez del Cerro, ambos asiduos clientes de la tienda Infiestas, donde compraban sus impecables corbatas blancas el primero y sus guantes tambi\u00e9n blancos el segundo.&#8221; El refinamiento pod\u00eda vislumbrarse en las c\u00e9lebres tertulias de Mariquita S\u00e1nchez de Thompson y de Mendeville y de Joaquina Izquierdo, cuyo sal\u00f3n le segu\u00eda en importancia. La mujer comenzaba muy lentamente a interesarse en la cosa p\u00fablica, alentada por Bernardino Rivadavia, que hab\u00eda sido deslumbrado en Par\u00eds por el \u201cmundo femenino&#8221;, fundando a su regreso la Sociedad de Beneficencia.&nbsp;<\/p>\n\n\n\n<p>Probablemente, el germen de la Sociedad de Beneficencia fue &#8220;la bell\u00edsima y la inteligent\u00edsima Madame Recamier y Madame de Stael, que manejaban el gusto y el Estado a trav\u00e9s de los hombres\u201d. A partir del a\u00f1o 1820, la aparici\u00f3n de los esperados \u201cfigurines de moda&#8221; va a dinamizar la moda en el R\u00edo de la Plata, acortando las distancias geogr\u00e1ficas. Aunque tardaron varios a\u00f1os en llegar regularmente a Buenos Aires, estas primeras publicaciones de moda de Francia<em> <\/em>(el<em> Mercure Galante <\/em>en<em> <\/em>1772<em> <\/em>y<em> <\/em>el<em> Mercure de France <\/em>en<em> <\/em>1792), sumadas a la llegada de modistas francesas, van a permitir reducir el tiempo de aparici\u00f3n de las modas en nuestro pa\u00eds. Es as\u00ed como la informaci\u00f3n del uso de los tejidos de lana en los vestidos femeninos, las boas de plumas y la nueva moda de usar trajes de novia, que surgen hacia 1828 en Europa, llega r\u00e1pidamente a Buenos Aires.&nbsp;<\/p>\n\n\n\n<p>Una de las grandes dificultades para rastrear la moda de la \u00e9poca es la desaparici\u00f3n de las prendas; sin embargo, en el Museo Hist\u00f3rico de la Ciudad de Buenos Aires \u201cBrigadier General Cornelio Saavedra\u201d se conserva tal vez uno de los \u00fanicos vestidos de Remedios Escalada de San Mart\u00edn que no fue quemado debido a su enfermedad. El vestido es de lin\u00f3n bordado en punto <em>beauvais,<\/em> con trabajo de peque\u00f1as lentejuelas doradas recamando el bordado; el escote es redondo, y las mangas cortas tienen forma de globo. Del talle no demasiado alto parte una falda que re\u00fane los frunces en la delantera, y se ven claramente en el ruedo los pesos que les colocaban para que no se levantaran al caminar. Es posible que la confecci\u00f3n del vestido, cuyo dato se desconoce, haya sido de la \u00e9poca cercana a la muerte de su due\u00f1a (3 de agosto de 1823), ya que los talles altos fueron lentamente bajando y buscando su lugar natural hacia 1825. Esta moda comenz\u00f3 a eclipsarse en 1827, acompa\u00f1ando el comienzo del fin de una importante etapa hist\u00f3rica argentina.<\/p>\n\n\n\n<p>En Europa se suceden en esta \u00e9poca movimientos revolucionarios encabezados por sectores nacionalistas y liberales que se enfrentaban abiertamente a las monarqu\u00edas vigentes. En Francia estallaron agitaciones sociales en 1830 y 1848, que la transformaron en uno de los centros principales del movimiento que tiene su expresi\u00f3n cultural en el romanticismo.<\/p>\n\n\n\n<p>El romanticismo que marca toda esa \u00e9poca, m\u00e1s que una tendencia cultural es un estilo de vida que busca la expresi\u00f3n libre y la afirmaci\u00f3n de la propia personalidad en una exaltaci\u00f3n del individualismo, con un verdadero culto del \u201cyo\u201d para diferenciarse de los cl\u00e1sicos que estudiaban al hombre en general. Este individualismo y ciertas caracter\u00edsticas propias del romanticismo, entre ellas el desprecio del formalismo, la b\u00fasqueda del color local, la reacci\u00f3n contra las costumbres habituales, se manifestaban en actitudes que parec\u00edan completamente extravagantes para la \u00e9poca. Desde luego, una vez m\u00e1s, la moda nos muestra, al responder con ex\u00f3tica originalidad, hasta qu\u00e9 punto est\u00e1 relacionada con los cambios sociales, ya que los rom\u00e1nticos buscaban hacerse notar a trav\u00e9s de su vestimenta y de su aspecto f\u00edsico, todo sazonado con una gran exaltaci\u00f3n de los sentimientos y actitudes de angustia frente a la muerte.<\/p>\n\n\n\n<p>Mientras en Europa las modas y costumbres eran alteradas por el romanticismo, en Buenos Aires, que no era ajena a sus desbordes, comenzaba un per\u00edodo singular de la historia argentina. Durante ese tiempo, una creciente ruralizaci\u00f3n de la capital porte\u00f1a nos advierte que los estancieros y sus grupos de paisanos armados comenzaban a pesar en el manejo p\u00fablico. Su l\u00edder natural fue don Juan Manuel de Rosas, y la ideolog\u00eda que sustentaban fue &#8220;la santa federaci\u00f3n\u201d. Buenos Aires, que hab\u00eda sufrido un proceso de alejamiento de las antiguas costumbres coloniales, vuelve a girar retomando nuevamente las tradiciones hispano criollas.<\/p>\n\n\n\n<p>S\u00f3lo si se tienen en cuenta las exageraciones en la moda rom\u00e1ntica y la necesidad de subrayar nuevamente lo hisp\u00e1nico es posible entender la moda de los descomunales peinetones, que con su originalidad dominan el panorama de esos a\u00f1os.<\/p>","protected":false},"excerpt":{"rendered":"<p>&#8220;Los m\u00e1s conspicuos y elegantes parroquianos de estos caf\u00e9s chic se llamaban Manuel Mateo Masculino; Nicanor Albarellos y Eduardo Ibarvals, dos salte\u00f1os a quienes jam\u00e1s se los ve\u00eda con el mismo traje; Cayetano Caz\u00f3n y Manuel P\u00e9rez del Cerro, ambos asiduos clientes de la tienda Infiestas, donde compraban sus impecables corbatas blancas el primero y [&hellip;]<\/p>","protected":false},"author":4,"featured_media":1909,"comment_status":"closed","ping_status":"closed","sticky":false,"template":"","format":"standard","meta":{"footnotes":""},"categories":[332],"tags":[231],"class_list":["post-1908","post","type-post","status-publish","format-standard","has-post-thumbnail","hentry","category-arte-y-cultura","tag-estilos"],"_links":{"self":[{"href":"https:\/\/thedecolife.com\/en\/wp-json\/wp\/v2\/posts\/1908","targetHints":{"allow":["GET"]}}],"collection":[{"href":"https:\/\/thedecolife.com\/en\/wp-json\/wp\/v2\/posts"}],"about":[{"href":"https:\/\/thedecolife.com\/en\/wp-json\/wp\/v2\/types\/post"}],"author":[{"embeddable":true,"href":"https:\/\/thedecolife.com\/en\/wp-json\/wp\/v2\/users\/4"}],"replies":[{"embeddable":true,"href":"https:\/\/thedecolife.com\/en\/wp-json\/wp\/v2\/comments?post=1908"}],"version-history":[{"count":1,"href":"https:\/\/thedecolife.com\/en\/wp-json\/wp\/v2\/posts\/1908\/revisions"}],"predecessor-version":[{"id":1910,"href":"https:\/\/thedecolife.com\/en\/wp-json\/wp\/v2\/posts\/1908\/revisions\/1910"}],"wp:featuredmedia":[{"embeddable":true,"href":"https:\/\/thedecolife.com\/en\/wp-json\/wp\/v2\/media\/1909"}],"wp:attachment":[{"href":"https:\/\/thedecolife.com\/en\/wp-json\/wp\/v2\/media?parent=1908"}],"wp:term":[{"taxonomy":"category","embeddable":true,"href":"https:\/\/thedecolife.com\/en\/wp-json\/wp\/v2\/categories?post=1908"},{"taxonomy":"post_tag","embeddable":true,"href":"https:\/\/thedecolife.com\/en\/wp-json\/wp\/v2\/tags?post=1908"}],"curies":[{"name":"wp","href":"https:\/\/api.w.org\/{rel}","templated":true}]}}